{"id":7016,"date":"2023-12-19T12:11:54","date_gmt":"2023-12-19T12:11:54","guid":{"rendered":"https:\/\/siteunidos.eu\/icpaglieta\/?p=7016"},"modified":"2023-12-19T14:54:17","modified_gmt":"2023-12-19T14:54:17","slug":"scuola-dellinfanzia","status":"publish","type":"post","link":"https:\/\/www.icpaglieta.edu.it\/site\/scuola-dellinfanzia\/","title":{"rendered":"Scuola dell\u2019infanzia"},"content":{"rendered":"\t\t<div data-elementor-type=\"wp-post\" data-elementor-id=\"7016\" class=\"elementor elementor-7016\" data-elementor-post-type=\"post\">\n\t\t\t\t<div class=\"has_eae_slider elementor-element elementor-element-bf08204 e-flex e-con-boxed wpr-particle-no wpr-jarallax-no wpr-parallax-no wpr-sticky-section-no wpr-equal-height-no e-con e-parent\" data-eae-slider=\"67679\" data-id=\"bf08204\" data-element_type=\"container\" data-e-type=\"container\">\n\t\t\t\t\t<div class=\"e-con-inner\">\n\t\t\t\t<div class=\"elementor-element elementor-element-541851f elementor-widget elementor-widget-html\" data-id=\"541851f\" data-element_type=\"widget\" data-e-type=\"widget\" data-widget_type=\"html.default\">\n\t\t\t\t<div class=\"elementor-widget-container\">\n\t\t\t\t\t<ul class=\"breadcrumb\" data-element=\"breadcrumb\">\n  <li><a href=\"https:\/\/siteunidos.eu\/icpaglieta\/\">Home<\/a><\/li>\n  <li><a href=\"https:\/\/siteunidos.eu\/icpaglieta\/servizi\/\">Servizi<\/a><\/li>\n  <li><a href=\"https:\/\/siteunidos.eu\/icpaglieta\/servizi\/percorsi-di-studio\/\">Percorsi di studio<\/a><\/li>\n  <li>Scuola dell\u2019infanzia<\/li>\n<\/ul>\n\n<style>\n    ul.breadcrumb {\n  list-style: none;\n}\n\n\/* Display list items side by side *\/\nul.breadcrumb li {\n  display: inline;\n  font-family: \"Roboto Mono\", Sans-serif;\nfont-size:1.1rem;\nfont-weight: 500;\ncolor: #30373D;\n}\n\n\/* Add a slash symbol (\/) before\/behind each list item *\/\nul.breadcrumb li+li:before {\n  padding: 5px;\n  color: black;\n  content: \"\u00bb\";\n}\n\n\/* Add a color to all links inside the list *\/\nul.breadcrumb li a {\n  font-family: \"Roboto Mono\", Sans-serif;\nfont-size:1.1rem;\nfont-weight: 500;\n  color: #0073E7;\n  text-decoration: none;\n}\n\n<\/style>\t\t\t\t<\/div>\n\t\t\t\t<\/div>\n\t\t\t\t\t<\/div>\n\t\t\t\t<\/div>\n\t\t<div class=\"has_eae_slider elementor-element elementor-element-a9ca976 e-flex e-con-boxed wpr-particle-no wpr-jarallax-no wpr-parallax-no wpr-sticky-section-no wpr-equal-height-no e-con e-parent\" data-eae-slider=\"44125\" data-id=\"a9ca976\" data-element_type=\"container\" data-e-type=\"container\" data-settings=\"{&quot;background_background&quot;:&quot;classic&quot;}\">\n\t\t\t\t\t<div class=\"e-con-inner\">\n\t\t\t\t<div class=\"elementor-element elementor-element-159af14 elementor-widget elementor-widget-theme-post-title elementor-page-title elementor-widget-heading\" data-id=\"159af14\" data-element_type=\"widget\" data-e-type=\"widget\" data-widget_type=\"theme-post-title.default\">\n\t\t\t\t<div class=\"elementor-widget-container\">\n\t\t\t\t\t<h1 class=\"elementor-heading-title elementor-size-default\"><div class=\"font-sans-serif\">Scuola dell\u2019infanzia<\/div><\/h1>\t\t\t\t<\/div>\n\t\t\t\t<\/div>\n\t\t\t\t\t<\/div>\n\t\t\t\t<\/div>\n\t\t<div class=\"has_eae_slider elementor-element elementor-element-5d700e8 e-flex e-con-boxed wpr-particle-no wpr-jarallax-no wpr-parallax-no wpr-sticky-section-no wpr-equal-height-no e-con e-child\" data-eae-slider=\"155\" data-id=\"5d700e8\" data-element_type=\"container\" data-e-type=\"container\">\n\t\t\t\t\t<div class=\"e-con-inner\">\n\t\t<div class=\"has_eae_slider elementor-element elementor-element-8dd3866 e-con-full e-flex wpr-particle-no wpr-jarallax-no wpr-parallax-no wpr-sticky-section-no wpr-equal-height-no e-con e-child\" data-eae-slider=\"55777\" data-id=\"8dd3866\" data-element_type=\"container\" data-e-type=\"container\">\n\t\t\t\t<div class=\"elementor-element elementor-element-be146ed elementor-widget elementor-widget-image\" data-id=\"be146ed\" data-element_type=\"widget\" data-e-type=\"widget\" data-widget_type=\"image.default\">\n\t\t\t\t<div class=\"elementor-widget-container\">\n\t\t\t\t\t\t\t\t\t\t\t\t\t\t\t<img fetchpriority=\"high\" decoding=\"async\" width=\"768\" height=\"402\" src=\"https:\/\/www.icpaglieta.edu.it\/site\/wp-content\/uploads\/2023\/12\/laboratori-e-progetti-infanzia-768x402-1.webp\" class=\"attachment-large size-large wp-image-7093\" alt=\"\" srcset=\"https:\/\/www.icpaglieta.edu.it\/site\/wp-content\/uploads\/2023\/12\/laboratori-e-progetti-infanzia-768x402-1.webp 768w, https:\/\/www.icpaglieta.edu.it\/site\/wp-content\/uploads\/2023\/12\/laboratori-e-progetti-infanzia-768x402-1-300x157.webp 300w\" sizes=\"(max-width: 768px) 100vw, 768px\" \/>\t\t\t\t\t\t\t\t\t\t\t\t\t\t\t<\/div>\n\t\t\t\t<\/div>\n\t\t\t\t<div class=\"elementor-element elementor-element-e43129a elementor-widget elementor-widget-heading\" data-id=\"e43129a\" data-element_type=\"widget\" data-e-type=\"widget\" data-widget_type=\"heading.default\">\n\t\t\t\t<div class=\"elementor-widget-container\">\n\t\t\t\t\t<h2 class=\"elementor-heading-title elementor-size-default\">Scuola primaridell'infanzia<\/h2>\t\t\t\t<\/div>\n\t\t\t\t<\/div>\n\t\t\t\t<div class=\"elementor-element elementor-element-865a0fb elementor-widget elementor-widget-html\" data-id=\"865a0fb\" data-element_type=\"widget\" data-e-type=\"widget\" data-settings=\"{&quot;sticky&quot;:&quot;top&quot;,&quot;sticky_on&quot;:[&quot;desktop&quot;],&quot;sticky_parent&quot;:&quot;yes&quot;,&quot;sticky_offset&quot;:0,&quot;sticky_effects_offset&quot;:0,&quot;sticky_anchor_link_offset&quot;:0}\" data-widget_type=\"html.default\">\n\t\t\t\t<div class=\"elementor-widget-container\">\n\t\t\t\t\t<aside>\n   <div>\n       <ul data-element=\"page-index\" style=\"list-style-type: none; margin-left:0px; padding-left:0px;\">\n           <li class=\"menuservizi\"><a class=\"itemservizi\" href=\"#cos'\u00e8\">Cos'\u00e8<\/a><\/li>\n           <li  class=\"menuservizi\"><a class=\"itemservizi\" href=\"#accesso\">Come si accede al servizio<\/a><\/li>\n           <li class=\"menuservizi\"><a class=\"itemservizi\" href=\"#cosa\">Cosa serve<\/a><\/li>\n           <li class=\"menuservizi\"><a class=\"itemservizi\" href=\"#tempi\">Tempi e scadenze<\/a><\/li>\n           <li class=\"menuservizi\"><a class=\"itemservizi\">Casi particolari<\/a><\/li>\n           <li class=\"menuservizi\"><a class=\"itemservizi\" href=\"#contatti\">Contatti<\/a><\/li>\n           <li class=\"menuservizi\"><a class=\"itemservizi\" href=\"#ulteriori\">Ulteriori informazioni<\/a><\/li>\n       <\/ul>\n   <\/div>\n<\/aside>\n\n\n<style>\n    .menuservizi{\n        border-bottom: 1px solid #30373D7A;\n        background-color: #ffffff;\n        padding-top:5px !important;\n        padding-bottom:5px !important;\n        text-align: center !important;\n    }\n    \n    .itemservizi{\n        margin-left:10px !important;\n        padding-left:0px !important;\n        font-family: \"Titillium Web\", Sans-serif;\n        font-weight: 500; \n        font-size: 1rem !important; \n        color: #30373D !important;\n        margin-left: 10px;\n    }\n     \n     .menuservizi:hover{\n         background-color: #0073E6 !important;\n         color: white !important;\n     }\n     \n.menuservizi:hover .itemservizi {\n    color: white !important;\n}\n\n<\/style>\t\t\t\t<\/div>\n\t\t\t\t<\/div>\n\t\t\t\t<\/div>\n\t\t<div class=\"has_eae_slider elementor-element elementor-element-e372ab0 e-con-full e-flex wpr-particle-no wpr-jarallax-no wpr-parallax-no wpr-sticky-section-no wpr-equal-height-no e-con e-child\" data-eae-slider=\"48057\" data-id=\"e372ab0\" data-element_type=\"container\" data-e-type=\"container\">\n\t\t\t\t<div class=\"elementor-element elementor-element-e518df0 elementor-widget elementor-widget-heading\" data-id=\"e518df0\" data-element_type=\"widget\" data-e-type=\"widget\" id=\"cos&#039;\u00e8\" data-widget_type=\"heading.default\">\n\t\t\t\t<div class=\"elementor-widget-container\">\n\t\t\t\t\t<h2 class=\"elementor-heading-title elementor-size-default\">Cos'\u00e8<\/h2>\t\t\t\t<\/div>\n\t\t\t\t<\/div>\n\t\t\t\t<div class=\"elementor-element elementor-element-3f33da7 elementor-widget elementor-widget-text-editor\" data-id=\"3f33da7\" data-element_type=\"widget\" data-e-type=\"widget\" data-widget_type=\"text-editor.default\">\n\t\t\t\t<div class=\"elementor-widget-container\">\n\t\t\t\t\t\t\t\t\t<p data-element=\"service-description\">La scuola dell\u2019infanzia fa parte del Sistema integrato di educazione e di istruzione dalla nascita ai sei anni ed \u00e8 il primo gradino del percorso di istruzione, ha durata triennale, non \u00e8 obbligatoria ed \u00e8 aperta a tutte le bambine e i bambini di et\u00e0 compresa fra i tre e i cinque anni. La scuola dell\u2019infanzia concorre all\u2019educazione e allo sviluppo affettivo, psicomotorio, cognitivo, morale, religioso e sociale dei bambini promuovendone le potenzialit\u00e0 di relazione, autonomia, creativit\u00e0, apprendimento e mira ad assicurare un\u2019effettiva uguaglianza delle opportunit\u00e0 educative. Nel rispetto del ruolo educativo dei genitori, contribuisce alla formazione integrale dei bambini e, nella sua autonomia e unitariet\u00e0 didattica e pedagogica, realizza la continuit\u00e0 educativa con il nido e con la scuola primaria.<\/p>\t\t\t\t\t\t\t\t<\/div>\n\t\t\t\t<\/div>\n\t\t\t\t<div class=\"elementor-element elementor-element-69676d6 elementor-widget elementor-widget-text-editor\" data-id=\"69676d6\" data-element_type=\"widget\" data-e-type=\"widget\" data-widget_type=\"text-editor.default\">\n\t\t\t\t<div class=\"elementor-widget-container\">\n\t\t\t\t\t\t\t\t\t<span style=\"color: #0000ff;\"><a style=\"color: #0000ff;\" href=\"#cosaserve\"><span style=\"text-decoration: underline;\" data-element=\"used-for\">A cosa serve<\/span><\/a><\/span>\t\t\t\t\t\t\t\t<\/div>\n\t\t\t\t<\/div>\n\t\t\t\t<div class=\"elementor-element elementor-element-2ce750f elementor-widget elementor-widget-text-editor\" data-id=\"2ce750f\" data-element_type=\"widget\" data-e-type=\"widget\" data-widget_type=\"text-editor.default\">\n\t\t\t\t<div class=\"elementor-widget-container\">\n\t\t\t\t\t\t\t\t\t<div data-element=\"service-what-is\">\n\nNel rispetto del ruolo educativo dei genitori, contribuisce alla formazione integrale dei bambini e, nella sua autonomia e unitariet\u00e0 didattica e pedagogica, realizza la continuit\u00e0 educativa con il nido e con la scuola primaria. Il Decreto del Presidente della Repubblica n.89 del 2009 ha disciplinato il riordino della scuola dell\u2019infanzia e del primo ciclo di istruzione. Fanno parte del sistema nazionale di istruzione le scuole dell\u2019infanzia statali e paritarie a gestione pubblica e privata. La frequenza delle scuole dell\u2019infanzia statali \u00e8 gratuita; sono a carico delle famiglie le spese per il pasto, l\u2019eventuale trasporto pubblico (scuolabus), l\u2019eventuale prolungamento dell\u2019orario (servizio di pre- o post-scuola). Le scuole dell\u2019infanzia paritarie per la frequenza richiedono il pagamento di una retta.\n\n<\/div>\t\t\t\t\t\t\t\t<\/div>\n\t\t\t\t<\/div>\n\t\t\t\t<div class=\"elementor-element elementor-element-103beaa elementor-widget elementor-widget-heading\" data-id=\"103beaa\" data-element_type=\"widget\" data-e-type=\"widget\" id=\"accesso\" data-widget_type=\"heading.default\">\n\t\t\t\t<div class=\"elementor-widget-container\">\n\t\t\t\t\t<h2 class=\"elementor-heading-title elementor-size-default\">Come si accede al servizio<\/h2>\t\t\t\t<\/div>\n\t\t\t\t<\/div>\n\t\t\t\t<div class=\"elementor-element elementor-element-94ad6d5 elementor-widget elementor-widget-text-editor\" data-id=\"94ad6d5\" data-element_type=\"widget\" data-e-type=\"widget\" data-widget_type=\"text-editor.default\">\n\t\t\t\t<div class=\"elementor-widget-container\">\n\t\t\t\t\t\t\t\t\t<p data-element=\"service-generic-access\">Iscrizioni Online tramite il link <a href=\"https:\/\/www.istruzione.it\/iscrizionionline\/\" target=\"_blank\" rel=\"noopener\">Istruzione.it<\/a> entro il 30 Gennaio 2023.<\/p>\t\t\t\t\t\t\t\t<\/div>\n\t\t\t\t<\/div>\n\t\t\t\t<div class=\"elementor-element elementor-element-6b43b1d elementor-widget elementor-widget-heading\" data-id=\"6b43b1d\" data-element_type=\"widget\" data-e-type=\"widget\" id=\"cosa\" data-widget_type=\"heading.default\">\n\t\t\t\t<div class=\"elementor-widget-container\">\n\t\t\t\t\t<h2 class=\"elementor-heading-title elementor-size-default\">Cosa serve<\/h2>\t\t\t\t<\/div>\n\t\t\t\t<\/div>\n\t\t\t\t<div class=\"elementor-element elementor-element-9d18f0c elementor-widget elementor-widget-text-editor\" data-id=\"9d18f0c\" data-element_type=\"widget\" data-e-type=\"widget\" data-widget_type=\"text-editor.default\">\n\t\t\t\t<div class=\"elementor-widget-container\">\n\t\t\t\t\t\t\t\t\t<div data-element=\"service-needed\"><p>Per l\u2019iscrizione Online sono necessarie<a href=\"https:\/\/www.istruzione.it\/iscrizionionline\/cosa-serve.html#credenziali\" target=\"_blank\" rel=\"noopener\"> Identit\u00e0 digitale<\/a> e<a href=\"https:\/\/www.istruzione.it\/iscrizionionline\/cosa-serve.html#codice\"> Codice della scuola.<\/a><\/p><\/div>\t\t\t\t\t\t\t\t<\/div>\n\t\t\t\t<\/div>\n\t\t\t\t<div class=\"elementor-element elementor-element-174dc7c elementor-widget elementor-widget-heading\" data-id=\"174dc7c\" data-element_type=\"widget\" data-e-type=\"widget\" id=\"tempi\" data-widget_type=\"heading.default\">\n\t\t\t\t<div class=\"elementor-widget-container\">\n\t\t\t\t\t<h2 class=\"elementor-heading-title elementor-size-default\">Tempi e scadenze<\/h2>\t\t\t\t<\/div>\n\t\t\t\t<\/div>\n\t\t\t\t<div class=\"elementor-element elementor-element-cd8f2e8 elementor-widget elementor-widget-text-editor\" data-id=\"cd8f2e8\" data-element_type=\"widget\" data-e-type=\"widget\" data-widget_type=\"text-editor.default\">\n\t\t\t\t<div class=\"elementor-widget-container\">\n\t\t\t\t\t\t\t\t\t<p data-element=\"service-calendar-text\">Dal 9 al 30 gennaio le iscrizioni all\u2019anno scolastico 2023\/2024.<\/p>\t\t\t\t\t\t\t\t<\/div>\n\t\t\t\t<\/div>\n\t\t\t\t<div class=\"elementor-element elementor-element-7022c75 elementor-widget elementor-widget-heading\" data-id=\"7022c75\" data-element_type=\"widget\" data-e-type=\"widget\" id=\"contatti\" data-widget_type=\"heading.default\">\n\t\t\t\t<div class=\"elementor-widget-container\">\n\t\t\t\t\t<h2 class=\"elementor-heading-title elementor-size-default\">Contatti<\/h2>\t\t\t\t<\/div>\n\t\t\t\t<\/div>\n\t\t\t\t<div class=\"elementor-element elementor-element-a2f1343 elementor-widget elementor-widget-text-editor\" data-id=\"a2f1343\" data-element_type=\"widget\" data-e-type=\"widget\" data-widget_type=\"text-editor.default\">\n\t\t\t\t<div class=\"elementor-widget-container\">\n\t\t\t\t\t\t\t\t\t<ul data-element=\"places\">\n \t<li>\n<div class=\"location-title\"><span>Indirizzo<\/span><\/div>\n<div class=\"location-content\">\n<p>\nVia F. De Sanctis 4 &#8211; 66020 Paglieta (CH)\n<\/p>\n<\/div><\/li>\n \t<li>\n<div class=\"location-title\"><span>Orari<\/span><\/div>\n<div class=\"location-content\">\n<p>\nDal luned\u00ec al venerd\u00ec, dalle 10:00 alle 12:00\n<\/p>\n<\/div><\/li>\n \t<li>\n<div class=\"location-title\"><span>Email<\/span><\/div>\n<div class=\"location-content\">\n<p>\nchic809006@istruzione.it\n<\/p>\n\n<\/div><\/li>\n \t<li>\n<div class=\"location-title\"><span>PEC<\/span><\/div>\n<div class=\"location-content\">\n<p>\nchic809006@pec.istruzione.it\n<\/p>\n<\/div><\/li>\n \t<li>\n<div class=\"location-title\"><span>Telefono<\/span><\/div>\n<div class=\"location-content\">\n<p>\n0872\/80151\n<\/p>\n<\/div><\/li>\n \t<li>\n<div class=\"location-title\"><span>GPS<\/span><\/div>\n<div class=\"location-content\">\n<p>\nNaviga su Google Maps\n<\/p>\n\n<\/div><\/li>\n<\/ul>\n<div class=\"notranslate\" style=\"all: initial;\"><\/div>\t\t\t\t\t\t\t\t<\/div>\n\t\t\t\t<\/div>\n\t\t\t\t<div class=\"elementor-element elementor-element-f714764 elementor-widget elementor-widget-heading\" data-id=\"f714764\" data-element_type=\"widget\" data-e-type=\"widget\" id=\"ulteriori\" data-widget_type=\"heading.default\">\n\t\t\t\t<div class=\"elementor-widget-container\">\n\t\t\t\t\t<h2 class=\"elementor-heading-title elementor-size-default\">Ulteriori informazioni<\/h2>\t\t\t\t<\/div>\n\t\t\t\t<\/div>\n\t\t\t\t<div class=\"elementor-element elementor-element-834127a elementor-widget elementor-widget-text-editor\" data-id=\"834127a\" data-element_type=\"widget\" data-e-type=\"widget\" data-widget_type=\"text-editor.default\">\n\t\t\t\t<div class=\"elementor-widget-container\">\n\t\t\t\t\t\t\t\t\t<div data-element=\"service-more-info\">\n\nForniamo data di pubblicazione e di revisione:\n\n<\/div>\t\t\t\t\t\t\t\t<\/div>\n\t\t\t\t<\/div>\n\t\t\t\t<div class=\"elementor-element elementor-element-d7cb974 elementor-widget elementor-widget-text-editor\" data-id=\"d7cb974\" data-element_type=\"widget\" data-e-type=\"widget\" data-widget_type=\"text-editor.default\">\n\t\t\t\t<div class=\"elementor-widget-container\">\n\t\t\t\t\t\t\t\t\t<p data-element=\"metadata\"><strong>Pubblicato:<\/strong> 23.10.2023 &#8211; <strong>Revisione:<\/strong> 23.10.2023<\/p>\t\t\t\t\t\t\t\t<\/div>\n\t\t\t\t<\/div>\n\t\t\t\t<div class=\"elementor-element elementor-element-ea8dfd7 elementor-widget elementor-widget-text-editor\" data-id=\"ea8dfd7\" data-element_type=\"widget\" data-e-type=\"widget\" data-widget_type=\"text-editor.default\">\n\t\t\t\t<div class=\"elementor-widget-container\">\n\t\t\t\t\t\t\t\t\t<div data-element=\"structures\">\n<div>Servizio fornito da <a href=\"https:\/\/www.google.it\" target=\"_blank\" rel=\"noopener\"><span style=\"color: #359595;\"><span style=\"color: #0000ff;\">Google<\/span><\/span><\/a><\/div>\n<\/div>\t\t\t\t\t\t\t\t<\/div>\n\t\t\t\t<\/div>\n\t\t\t\t<div class=\"elementor-element elementor-element-483d38e elementor-widget elementor-widget-text-editor\" data-id=\"483d38e\" data-element_type=\"widget\" data-e-type=\"widget\" data-widget_type=\"text-editor.default\">\n\t\t\t\t<div class=\"elementor-widget-container\">\n\t\t\t\t\t\t\t\t\t<span style=\"color: #333333;\"><a style=\"color: #333333;\" href=\"#cosa\"><span style=\"text-decoration: underline;\" data-element=\"used-for\">Potrebbe Interessarti<\/span><\/a><\/span>\t\t\t\t\t\t\t\t<\/div>\n\t\t\t\t<\/div>\n\t\t\t\t<div class=\"elementor-element elementor-element-02a3ef4 elementor-widget elementor-widget-text-editor\" data-id=\"02a3ef4\" data-element_type=\"widget\" data-e-type=\"widget\" data-widget_type=\"text-editor.default\">\n\t\t\t\t<div class=\"elementor-widget-container\">\n\t\t\t\t\t\t\t\t\t<ul>\n \t<li><span style=\"color: #333333;\"><a style=\"color: #333333; font-size: 1rem;\" title=\"Vai all'argomento: Iscrizioni\" href=\"https:\/\/www.istruzione.it\/iscrizionionline\/\" data-element=\"topic-list\">Iscrizioni<\/a><\/span><\/li>\n \t<li><span style=\"color: #333333;\"><a style=\"color: #333333;\" title=\"Vai all'argomento: Famiglia\" href=\"https:\/\/siteunidos.eu\/icpaglieta\/scuola\/famiglie-e-studenti\/\" target=\"_blank\" rel=\"noopener\" data-element=\"topic-list\">Famiglia<\/a><\/span><\/li>\n \t<li><a style=\"color: #455b71;\" title=\"Vai all'argomento: Pagamenti\" href=\"https:\/\/www.miur.gov.it\/-\/pago-in-re-1\" target=\"_blank\" rel=\"noopener\" data-element=\"topic-list\"><span style=\"color: #333333;\">Pagamenti<\/span><\/a><\/li>\n<\/ul>\t\t\t\t\t\t\t\t<\/div>\n\t\t\t\t<\/div>\n\t\t\t\t<\/div>\n\t\t\t\t\t<\/div>\n\t\t\t\t<\/div>\n\t\t\t\t<\/div>\n\t\t","protected":false},"excerpt":{"rendered":"<p>Home Servizi Percorsi di studio Scuola primaridell&#8217;infanzia Cos&#8217;\u00e8 Come si accede al servizio Cosa serve Tempi e scadenze Casi particolari Contatti Ulteriori informazioni Cos&#8217;\u00e8 La scuola dell\u2019infanzia fa parte del Sistema integrato di educazione e di istruzione dalla nascita ai sei anni ed \u00e8 il primo gradino del percorso di istruzione, ha durata triennale, non \u00e8 obbligatoria ed \u00e8 aperta a tutte le bambine e i bambini di et\u00e0 compresa fra i tre e i cinque anni. La scuola dell\u2019infanzia concorre all\u2019educazione e allo sviluppo affettivo, psicomotorio, cognitivo, morale, religioso e sociale dei bambini promuovendone le potenzialit\u00e0 di relazione, autonomia, creativit\u00e0, apprendimento e mira ad assicurare un\u2019effettiva uguaglianza delle opportunit\u00e0 educative. Nel rispetto del ruolo educativo dei genitori, contribuisce alla formazione integrale dei bambini e, nella sua autonomia e unitariet\u00e0 didattica e pedagogica, realizza la continuit\u00e0 educativa con il nido e con la scuola primaria. A cosa serve Nel rispetto del ruolo educativo dei genitori, contribuisce alla formazione integrale dei bambini e, nella sua autonomia e unitariet\u00e0 didattica e pedagogica, realizza la continuit\u00e0 educativa con il nido e con la scuola primaria. Il Decreto del Presidente della Repubblica n.89 del 2009 ha disciplinato il riordino della scuola dell\u2019infanzia e del primo ciclo di istruzione. Fanno parte del sistema nazionale di istruzione le scuole dell\u2019infanzia statali e paritarie a gestione pubblica e privata. La frequenza delle scuole dell\u2019infanzia statali \u00e8 gratuita; sono a carico delle famiglie le spese per il pasto, l\u2019eventuale trasporto pubblico (scuolabus), l\u2019eventuale prolungamento dell\u2019orario (servizio di pre- o post-scuola). Le scuole dell\u2019infanzia paritarie per la frequenza richiedono il pagamento di una retta. Come si accede al servizio Iscrizioni Online tramite il link Istruzione.it entro il 30 Gennaio 2023. Cosa serve Per l\u2019iscrizione Online sono necessarie Identit\u00e0 digitale e Codice della scuola. Tempi e scadenze Dal 9 al 30 gennaio le iscrizioni all\u2019anno scolastico 2023\/2024. Contatti Indirizzo Via F. De Sanctis 4 &#8211; 66020 Paglieta (CH) Orari Dal luned\u00ec al venerd\u00ec, dalle 10:00 alle 12:00 Email chic809006@istruzione.it PEC chic809006@pec.istruzione.it Telefono 0872\/80151 GPS Naviga su Google Maps Ulteriori informazioni Forniamo data di pubblicazione e di revisione: Pubblicato: 23.10.2023 &#8211; Revisione: 23.10.2023 Servizio fornito da Google Potrebbe Interessarti Iscrizioni Famiglia Pagamenti<\/p>\n","protected":false},"author":1,"featured_media":0,"comment_status":"closed","ping_status":"closed","sticky":false,"template":"elementor_header_footer","format":"standard","meta":{"footnotes":""},"categories":[9],"tags":[],"class_list":["post-7016","post","type-post","status-publish","format-standard","hentry","category-card-perc-stud"],"yoast_head":"<!-- This site is optimized with the Yoast SEO plugin v27.5 - https:\/\/yoast.com\/product\/yoast-seo-wordpress\/ -->\n<title>Scuola dell\u2019infanzia - Istituto Comprensivo Paglieta<\/title>\n<meta name=\"robots\" content=\"index, follow, max-snippet:-1, max-image-preview:large, max-video-preview:-1\" \/>\n<link rel=\"canonical\" href=\"https:\/\/www.icpaglieta.edu.it\/site\/scuola-dellinfanzia\/\" \/>\n<meta property=\"og:locale\" content=\"it_IT\" \/>\n<meta property=\"og:type\" content=\"article\" \/>\n<meta property=\"og:title\" content=\"Scuola dell\u2019infanzia - Istituto Comprensivo Paglieta\" \/>\n<meta property=\"og:description\" content=\"Home Servizi Percorsi di studio Scuola primaridell&#8217;infanzia Cos&#8217;\u00e8 Come si accede al servizio Cosa serve Tempi e scadenze Casi particolari Contatti Ulteriori informazioni Cos&#8217;\u00e8 La scuola dell\u2019infanzia fa parte del Sistema integrato di educazione e di istruzione dalla nascita ai sei anni ed \u00e8 il primo gradino del percorso di istruzione, ha durata triennale, non \u00e8 obbligatoria ed \u00e8 aperta a tutte le bambine e i bambini di et\u00e0 compresa fra i tre e i cinque anni. La scuola dell\u2019infanzia concorre all\u2019educazione e allo sviluppo affettivo, psicomotorio, cognitivo, morale, religioso e sociale dei bambini promuovendone le potenzialit\u00e0 di relazione, autonomia, creativit\u00e0, apprendimento e mira ad assicurare un\u2019effettiva uguaglianza delle opportunit\u00e0 educative. Nel rispetto del ruolo educativo dei genitori, contribuisce alla formazione integrale dei bambini e, nella sua autonomia e unitariet\u00e0 didattica e pedagogica, realizza la continuit\u00e0 educativa con il nido e con la scuola primaria. A cosa serve Nel rispetto del ruolo educativo dei genitori, contribuisce alla formazione integrale dei bambini e, nella sua autonomia e unitariet\u00e0 didattica e pedagogica, realizza la continuit\u00e0 educativa con il nido e con la scuola primaria. Il Decreto del Presidente della Repubblica n.89 del 2009 ha disciplinato il riordino della scuola dell\u2019infanzia e del primo ciclo di istruzione. Fanno parte del sistema nazionale di istruzione le scuole dell\u2019infanzia statali e paritarie a gestione pubblica e privata. La frequenza delle scuole dell\u2019infanzia statali \u00e8 gratuita; sono a carico delle famiglie le spese per il pasto, l\u2019eventuale trasporto pubblico (scuolabus), l\u2019eventuale prolungamento dell\u2019orario (servizio di pre- o post-scuola). Le scuole dell\u2019infanzia paritarie per la frequenza richiedono il pagamento di una retta. Come si accede al servizio Iscrizioni Online tramite il link Istruzione.it entro il 30 Gennaio 2023. Cosa serve Per l\u2019iscrizione Online sono necessarie Identit\u00e0 digitale e Codice della scuola. Tempi e scadenze Dal 9 al 30 gennaio le iscrizioni all\u2019anno scolastico 2023\/2024. Contatti Indirizzo Via F. De Sanctis 4 &#8211; 66020 Paglieta (CH) Orari Dal luned\u00ec al venerd\u00ec, dalle 10:00 alle 12:00 Email chic809006@istruzione.it PEC chic809006@pec.istruzione.it Telefono 0872\/80151 GPS Naviga su Google Maps Ulteriori informazioni Forniamo data di pubblicazione e di revisione: Pubblicato: 23.10.2023 &#8211; Revisione: 23.10.2023 Servizio fornito da Google Potrebbe Interessarti Iscrizioni Famiglia Pagamenti\" \/>\n<meta property=\"og:url\" content=\"https:\/\/www.icpaglieta.edu.it\/site\/scuola-dellinfanzia\/\" \/>\n<meta property=\"og:site_name\" content=\"Istituto Comprensivo Paglieta\" \/>\n<meta property=\"article:published_time\" content=\"2023-12-19T12:11:54+00:00\" \/>\n<meta property=\"article:modified_time\" content=\"2023-12-19T14:54:17+00:00\" \/>\n<meta property=\"og:image\" content=\"https:\/\/siteunidos.eu\/icpaglieta\/wp-content\/uploads\/2023\/12\/laboratori-e-progetti-infanzia-768x402-1.webp\" \/>\n<meta name=\"author\" content=\"unidos\" \/>\n<meta name=\"twitter:card\" content=\"summary_large_image\" \/>\n<meta name=\"twitter:label1\" content=\"Scritto da\" \/>\n\t<meta name=\"twitter:data1\" content=\"unidos\" \/>\n\t<meta name=\"twitter:label2\" content=\"Tempo di lettura stimato\" \/>\n\t<meta name=\"twitter:data2\" content=\"3 minuti\" \/>\n<script type=\"application\/ld+json\" class=\"yoast-schema-graph\">{\"@context\":\"https:\\\/\\\/schema.org\",\"@graph\":[{\"@type\":\"Article\",\"@id\":\"https:\\\/\\\/www.icpaglieta.edu.it\\\/site\\\/scuola-dellinfanzia\\\/#article\",\"isPartOf\":{\"@id\":\"https:\\\/\\\/www.icpaglieta.edu.it\\\/site\\\/scuola-dellinfanzia\\\/\"},\"author\":{\"name\":\"unidos\",\"@id\":\"https:\\\/\\\/www.icpaglieta.edu.it\\\/site\\\/#\\\/schema\\\/person\\\/e9a0efd9043197855fe22e6d5bd6c7fa\"},\"headline\":\"Scuola dell\u2019infanzia\",\"datePublished\":\"2023-12-19T12:11:54+00:00\",\"dateModified\":\"2023-12-19T14:54:17+00:00\",\"mainEntityOfPage\":{\"@id\":\"https:\\\/\\\/www.icpaglieta.edu.it\\\/site\\\/scuola-dellinfanzia\\\/\"},\"wordCount\":369,\"image\":{\"@id\":\"https:\\\/\\\/www.icpaglieta.edu.it\\\/site\\\/scuola-dellinfanzia\\\/#primaryimage\"},\"thumbnailUrl\":\"https:\\\/\\\/siteunidos.eu\\\/icpaglieta\\\/wp-content\\\/uploads\\\/2023\\\/12\\\/laboratori-e-progetti-infanzia-768x402-1.webp\",\"articleSection\":[\"Card perc stud\"],\"inLanguage\":\"it-IT\"},{\"@type\":\"WebPage\",\"@id\":\"https:\\\/\\\/www.icpaglieta.edu.it\\\/site\\\/scuola-dellinfanzia\\\/\",\"url\":\"https:\\\/\\\/www.icpaglieta.edu.it\\\/site\\\/scuola-dellinfanzia\\\/\",\"name\":\"Scuola dell\u2019infanzia - Istituto Comprensivo Paglieta\",\"isPartOf\":{\"@id\":\"https:\\\/\\\/www.icpaglieta.edu.it\\\/site\\\/#website\"},\"primaryImageOfPage\":{\"@id\":\"https:\\\/\\\/www.icpaglieta.edu.it\\\/site\\\/scuola-dellinfanzia\\\/#primaryimage\"},\"image\":{\"@id\":\"https:\\\/\\\/www.icpaglieta.edu.it\\\/site\\\/scuola-dellinfanzia\\\/#primaryimage\"},\"thumbnailUrl\":\"https:\\\/\\\/siteunidos.eu\\\/icpaglieta\\\/wp-content\\\/uploads\\\/2023\\\/12\\\/laboratori-e-progetti-infanzia-768x402-1.webp\",\"datePublished\":\"2023-12-19T12:11:54+00:00\",\"dateModified\":\"2023-12-19T14:54:17+00:00\",\"author\":{\"@id\":\"https:\\\/\\\/www.icpaglieta.edu.it\\\/site\\\/#\\\/schema\\\/person\\\/e9a0efd9043197855fe22e6d5bd6c7fa\"},\"breadcrumb\":{\"@id\":\"https:\\\/\\\/www.icpaglieta.edu.it\\\/site\\\/scuola-dellinfanzia\\\/#breadcrumb\"},\"inLanguage\":\"it-IT\",\"potentialAction\":[{\"@type\":\"ReadAction\",\"target\":[\"https:\\\/\\\/www.icpaglieta.edu.it\\\/site\\\/scuola-dellinfanzia\\\/\"]}]},{\"@type\":\"ImageObject\",\"inLanguage\":\"it-IT\",\"@id\":\"https:\\\/\\\/www.icpaglieta.edu.it\\\/site\\\/scuola-dellinfanzia\\\/#primaryimage\",\"url\":\"https:\\\/\\\/siteunidos.eu\\\/icpaglieta\\\/wp-content\\\/uploads\\\/2023\\\/12\\\/laboratori-e-progetti-infanzia-768x402-1.webp\",\"contentUrl\":\"https:\\\/\\\/siteunidos.eu\\\/icpaglieta\\\/wp-content\\\/uploads\\\/2023\\\/12\\\/laboratori-e-progetti-infanzia-768x402-1.webp\"},{\"@type\":\"BreadcrumbList\",\"@id\":\"https:\\\/\\\/www.icpaglieta.edu.it\\\/site\\\/scuola-dellinfanzia\\\/#breadcrumb\",\"itemListElement\":[{\"@type\":\"ListItem\",\"position\":1,\"name\":\"Home\",\"item\":\"https:\\\/\\\/www.icpaglieta.edu.it\\\/site\\\/\"},{\"@type\":\"ListItem\",\"position\":2,\"name\":\"Scuola dell\u2019infanzia\"}]},{\"@type\":\"WebSite\",\"@id\":\"https:\\\/\\\/www.icpaglieta.edu.it\\\/site\\\/#website\",\"url\":\"https:\\\/\\\/www.icpaglieta.edu.it\\\/site\\\/\",\"name\":\"Istituto Comprensivo Paglieta\",\"description\":\"Istituto Comprensivo Paglieta\",\"potentialAction\":[{\"@type\":\"SearchAction\",\"target\":{\"@type\":\"EntryPoint\",\"urlTemplate\":\"https:\\\/\\\/www.icpaglieta.edu.it\\\/site\\\/?s={search_term_string}\"},\"query-input\":{\"@type\":\"PropertyValueSpecification\",\"valueRequired\":true,\"valueName\":\"search_term_string\"}}],\"inLanguage\":\"it-IT\"},{\"@type\":\"Person\",\"@id\":\"https:\\\/\\\/www.icpaglieta.edu.it\\\/site\\\/#\\\/schema\\\/person\\\/e9a0efd9043197855fe22e6d5bd6c7fa\",\"name\":\"unidos\",\"image\":{\"@type\":\"ImageObject\",\"inLanguage\":\"it-IT\",\"@id\":\"https:\\\/\\\/secure.gravatar.com\\\/avatar\\\/826049ef0fc32ab312aacd34105626bb7e6da34c0451097600c6539e8db3502e?s=96&d=mm&r=g\",\"url\":\"https:\\\/\\\/secure.gravatar.com\\\/avatar\\\/826049ef0fc32ab312aacd34105626bb7e6da34c0451097600c6539e8db3502e?s=96&d=mm&r=g\",\"contentUrl\":\"https:\\\/\\\/secure.gravatar.com\\\/avatar\\\/826049ef0fc32ab312aacd34105626bb7e6da34c0451097600c6539e8db3502e?s=96&d=mm&r=g\",\"caption\":\"unidos\"},\"url\":\"https:\\\/\\\/www.icpaglieta.edu.it\\\/site\\\/author\\\/unidos\\\/\"}]}<\/script>\n<!-- \/ Yoast SEO plugin. -->","yoast_head_json":{"title":"Scuola dell\u2019infanzia - Istituto Comprensivo Paglieta","robots":{"index":"index","follow":"follow","max-snippet":"max-snippet:-1","max-image-preview":"max-image-preview:large","max-video-preview":"max-video-preview:-1"},"canonical":"https:\/\/www.icpaglieta.edu.it\/site\/scuola-dellinfanzia\/","og_locale":"it_IT","og_type":"article","og_title":"Scuola dell\u2019infanzia - Istituto Comprensivo Paglieta","og_description":"Home Servizi Percorsi di studio Scuola primaridell&#8217;infanzia Cos&#8217;\u00e8 Come si accede al servizio Cosa serve Tempi e scadenze Casi particolari Contatti Ulteriori informazioni Cos&#8217;\u00e8 La scuola dell\u2019infanzia fa parte del Sistema integrato di educazione e di istruzione dalla nascita ai sei anni ed \u00e8 il primo gradino del percorso di istruzione, ha durata triennale, non \u00e8 obbligatoria ed \u00e8 aperta a tutte le bambine e i bambini di et\u00e0 compresa fra i tre e i cinque anni. La scuola dell\u2019infanzia concorre all\u2019educazione e allo sviluppo affettivo, psicomotorio, cognitivo, morale, religioso e sociale dei bambini promuovendone le potenzialit\u00e0 di relazione, autonomia, creativit\u00e0, apprendimento e mira ad assicurare un\u2019effettiva uguaglianza delle opportunit\u00e0 educative. Nel rispetto del ruolo educativo dei genitori, contribuisce alla formazione integrale dei bambini e, nella sua autonomia e unitariet\u00e0 didattica e pedagogica, realizza la continuit\u00e0 educativa con il nido e con la scuola primaria. A cosa serve Nel rispetto del ruolo educativo dei genitori, contribuisce alla formazione integrale dei bambini e, nella sua autonomia e unitariet\u00e0 didattica e pedagogica, realizza la continuit\u00e0 educativa con il nido e con la scuola primaria. Il Decreto del Presidente della Repubblica n.89 del 2009 ha disciplinato il riordino della scuola dell\u2019infanzia e del primo ciclo di istruzione. Fanno parte del sistema nazionale di istruzione le scuole dell\u2019infanzia statali e paritarie a gestione pubblica e privata. La frequenza delle scuole dell\u2019infanzia statali \u00e8 gratuita; sono a carico delle famiglie le spese per il pasto, l\u2019eventuale trasporto pubblico (scuolabus), l\u2019eventuale prolungamento dell\u2019orario (servizio di pre- o post-scuola). Le scuole dell\u2019infanzia paritarie per la frequenza richiedono il pagamento di una retta. Come si accede al servizio Iscrizioni Online tramite il link Istruzione.it entro il 30 Gennaio 2023. Cosa serve Per l\u2019iscrizione Online sono necessarie Identit\u00e0 digitale e Codice della scuola. Tempi e scadenze Dal 9 al 30 gennaio le iscrizioni all\u2019anno scolastico 2023\/2024. Contatti Indirizzo Via F. De Sanctis 4 &#8211; 66020 Paglieta (CH) Orari Dal luned\u00ec al venerd\u00ec, dalle 10:00 alle 12:00 Email chic809006@istruzione.it PEC chic809006@pec.istruzione.it Telefono 0872\/80151 GPS Naviga su Google Maps Ulteriori informazioni Forniamo data di pubblicazione e di revisione: Pubblicato: 23.10.2023 &#8211; Revisione: 23.10.2023 Servizio fornito da Google Potrebbe Interessarti Iscrizioni Famiglia Pagamenti","og_url":"https:\/\/www.icpaglieta.edu.it\/site\/scuola-dellinfanzia\/","og_site_name":"Istituto Comprensivo Paglieta","article_published_time":"2023-12-19T12:11:54+00:00","article_modified_time":"2023-12-19T14:54:17+00:00","og_image":[{"url":"https:\/\/siteunidos.eu\/icpaglieta\/wp-content\/uploads\/2023\/12\/laboratori-e-progetti-infanzia-768x402-1.webp","type":"","width":"","height":""}],"author":"unidos","twitter_card":"summary_large_image","twitter_misc":{"Scritto da":"unidos","Tempo di lettura stimato":"3 minuti"},"schema":{"@context":"https:\/\/schema.org","@graph":[{"@type":"Article","@id":"https:\/\/www.icpaglieta.edu.it\/site\/scuola-dellinfanzia\/#article","isPartOf":{"@id":"https:\/\/www.icpaglieta.edu.it\/site\/scuola-dellinfanzia\/"},"author":{"name":"unidos","@id":"https:\/\/www.icpaglieta.edu.it\/site\/#\/schema\/person\/e9a0efd9043197855fe22e6d5bd6c7fa"},"headline":"Scuola dell\u2019infanzia","datePublished":"2023-12-19T12:11:54+00:00","dateModified":"2023-12-19T14:54:17+00:00","mainEntityOfPage":{"@id":"https:\/\/www.icpaglieta.edu.it\/site\/scuola-dellinfanzia\/"},"wordCount":369,"image":{"@id":"https:\/\/www.icpaglieta.edu.it\/site\/scuola-dellinfanzia\/#primaryimage"},"thumbnailUrl":"https:\/\/siteunidos.eu\/icpaglieta\/wp-content\/uploads\/2023\/12\/laboratori-e-progetti-infanzia-768x402-1.webp","articleSection":["Card perc stud"],"inLanguage":"it-IT"},{"@type":"WebPage","@id":"https:\/\/www.icpaglieta.edu.it\/site\/scuola-dellinfanzia\/","url":"https:\/\/www.icpaglieta.edu.it\/site\/scuola-dellinfanzia\/","name":"Scuola dell\u2019infanzia - Istituto Comprensivo Paglieta","isPartOf":{"@id":"https:\/\/www.icpaglieta.edu.it\/site\/#website"},"primaryImageOfPage":{"@id":"https:\/\/www.icpaglieta.edu.it\/site\/scuola-dellinfanzia\/#primaryimage"},"image":{"@id":"https:\/\/www.icpaglieta.edu.it\/site\/scuola-dellinfanzia\/#primaryimage"},"thumbnailUrl":"https:\/\/siteunidos.eu\/icpaglieta\/wp-content\/uploads\/2023\/12\/laboratori-e-progetti-infanzia-768x402-1.webp","datePublished":"2023-12-19T12:11:54+00:00","dateModified":"2023-12-19T14:54:17+00:00","author":{"@id":"https:\/\/www.icpaglieta.edu.it\/site\/#\/schema\/person\/e9a0efd9043197855fe22e6d5bd6c7fa"},"breadcrumb":{"@id":"https:\/\/www.icpaglieta.edu.it\/site\/scuola-dellinfanzia\/#breadcrumb"},"inLanguage":"it-IT","potentialAction":[{"@type":"ReadAction","target":["https:\/\/www.icpaglieta.edu.it\/site\/scuola-dellinfanzia\/"]}]},{"@type":"ImageObject","inLanguage":"it-IT","@id":"https:\/\/www.icpaglieta.edu.it\/site\/scuola-dellinfanzia\/#primaryimage","url":"https:\/\/siteunidos.eu\/icpaglieta\/wp-content\/uploads\/2023\/12\/laboratori-e-progetti-infanzia-768x402-1.webp","contentUrl":"https:\/\/siteunidos.eu\/icpaglieta\/wp-content\/uploads\/2023\/12\/laboratori-e-progetti-infanzia-768x402-1.webp"},{"@type":"BreadcrumbList","@id":"https:\/\/www.icpaglieta.edu.it\/site\/scuola-dellinfanzia\/#breadcrumb","itemListElement":[{"@type":"ListItem","position":1,"name":"Home","item":"https:\/\/www.icpaglieta.edu.it\/site\/"},{"@type":"ListItem","position":2,"name":"Scuola dell\u2019infanzia"}]},{"@type":"WebSite","@id":"https:\/\/www.icpaglieta.edu.it\/site\/#website","url":"https:\/\/www.icpaglieta.edu.it\/site\/","name":"Istituto Comprensivo Paglieta","description":"Istituto Comprensivo Paglieta","potentialAction":[{"@type":"SearchAction","target":{"@type":"EntryPoint","urlTemplate":"https:\/\/www.icpaglieta.edu.it\/site\/?s={search_term_string}"},"query-input":{"@type":"PropertyValueSpecification","valueRequired":true,"valueName":"search_term_string"}}],"inLanguage":"it-IT"},{"@type":"Person","@id":"https:\/\/www.icpaglieta.edu.it\/site\/#\/schema\/person\/e9a0efd9043197855fe22e6d5bd6c7fa","name":"unidos","image":{"@type":"ImageObject","inLanguage":"it-IT","@id":"https:\/\/secure.gravatar.com\/avatar\/826049ef0fc32ab312aacd34105626bb7e6da34c0451097600c6539e8db3502e?s=96&d=mm&r=g","url":"https:\/\/secure.gravatar.com\/avatar\/826049ef0fc32ab312aacd34105626bb7e6da34c0451097600c6539e8db3502e?s=96&d=mm&r=g","contentUrl":"https:\/\/secure.gravatar.com\/avatar\/826049ef0fc32ab312aacd34105626bb7e6da34c0451097600c6539e8db3502e?s=96&d=mm&r=g","caption":"unidos"},"url":"https:\/\/www.icpaglieta.edu.it\/site\/author\/unidos\/"}]}},"_links":{"self":[{"href":"https:\/\/www.icpaglieta.edu.it\/site\/wp-json\/wp\/v2\/posts\/7016","targetHints":{"allow":["GET"]}}],"collection":[{"href":"https:\/\/www.icpaglieta.edu.it\/site\/wp-json\/wp\/v2\/posts"}],"about":[{"href":"https:\/\/www.icpaglieta.edu.it\/site\/wp-json\/wp\/v2\/types\/post"}],"author":[{"embeddable":true,"href":"https:\/\/www.icpaglieta.edu.it\/site\/wp-json\/wp\/v2\/users\/1"}],"replies":[{"embeddable":true,"href":"https:\/\/www.icpaglieta.edu.it\/site\/wp-json\/wp\/v2\/comments?post=7016"}],"version-history":[{"count":0,"href":"https:\/\/www.icpaglieta.edu.it\/site\/wp-json\/wp\/v2\/posts\/7016\/revisions"}],"wp:attachment":[{"href":"https:\/\/www.icpaglieta.edu.it\/site\/wp-json\/wp\/v2\/media?parent=7016"}],"wp:term":[{"taxonomy":"category","embeddable":true,"href":"https:\/\/www.icpaglieta.edu.it\/site\/wp-json\/wp\/v2\/categories?post=7016"},{"taxonomy":"post_tag","embeddable":true,"href":"https:\/\/www.icpaglieta.edu.it\/site\/wp-json\/wp\/v2\/tags?post=7016"}],"curies":[{"name":"wp","href":"https:\/\/api.w.org\/{rel}","templated":true}]}}